{"id":16829,"date":"2024-05-24T13:21:52","date_gmt":"2024-05-24T11:21:52","guid":{"rendered":"https:\/\/www.repscan.com\/?p=16829"},"modified":"2025-04-03T10:29:28","modified_gmt":"2025-04-03T08:29:28","slug":"derecho-al-olvido-post-mortem","status":"publish","type":"post","link":"https:\/\/www.repscan.com\/es\/blog\/derecho-al-olvido-post-mortem\/","title":{"rendered":"El Derecho al Olvido Post Mortem"},"content":{"rendered":"\n<p>En la era digital, nuestras vidas est\u00e1n intr\u00ednsecamente entrelazadas con una huella digital que perdura m\u00e1s all\u00e1 de nuestra existencia f\u00edsica. Desde perfiles en redes sociales hasta historiales m\u00e9dicos en l\u00ednea, nuestras actividades en la web dejan una marca permanente que puede persistir incluso despu\u00e9s de nuestra muerte. En este contexto, surge una cuesti\u00f3n \u00e9tica y legal fundamental: \u00bftenemos derecho a que nuestra huella digital sea borrada al fallecer? Este es el n\u00facleo del Derecho al olvido post mortem.<\/p>\n\n\n\n<p>El debate sobre el Derecho al olvido post mortem se sit\u00faa en la intersecci\u00f3n de la privacidad, la memoria y la autonom\u00eda digital. Por un lado, est\u00e1 el derecho a preservar la privacidad y la dignidad de los difuntos y sus familias. Por otro lado, se encuentra el inter\u00e9s p\u00fablico en preservar la memoria hist\u00f3rica y el acceso a la informaci\u00f3n.<\/p>\n\n\n\n<!--more-->\n\n\n\n<div style=\"height:50px\" aria-hidden=\"true\" class=\"wp-block-spacer\"><\/div>\n\n\n\n<h2 class=\"wp-block-heading\"><strong>Contexto Legal y Tecnol\u00f3gico del Derecho al Olvido Post Mortem<\/strong><\/h2>\n\n\n\n<p>Para comprender la importancia de este debate, es crucial analizar el contexto legal y tecnol\u00f3gico en el que se desenvuelve. En muchos pa\u00edses, las leyes de protecci\u00f3n de datos est\u00e1n evolucionando para abordar las preocupaciones sobre la privacidad en l\u00ednea, pero pocos marcos legales abordan espec\u00edficamente el Derecho al olvido post mortem. Adem\u00e1s, las tecnolog\u00edas emergentes como la inteligencia artificial y el aprendizaje autom\u00e1tico plantean desaf\u00edos adicionales al almacenar y procesar grandes cantidades de datos personales, incluso despu\u00e9s de la muerte de un individuo.<\/p>\n\n\n\n<div style=\"height:25px\" aria-hidden=\"true\" class=\"wp-block-spacer\"><\/div>\n\n\n\n<h3 class=\"wp-block-heading\"><strong>Consideraciones Legales, \u00c9ticas y Tecnol\u00f3gicas<\/strong><\/h3>\n\n\n\n<p>En este sentido, el Derecho al olvido post mortem implica una serie de consideraciones legales, \u00e9ticas y tecnol\u00f3gicas. Desde la redacci\u00f3n de testamentos digitales hasta la gesti\u00f3n de perfiles en redes sociales, hay una variedad de herramientas y pr\u00e1cticas que pueden ayudar a garantizar que se respeten los deseos de los difuntos en cuanto a su huella digital.<\/p>\n\n\n\n<p>En algunos lugares, las leyes de privacidad y protecci\u00f3n de datos pueden permitir a los herederos acceder a ciertos contenidos digitales o tomar decisiones sobre ellos. Sin embargo, en otros casos, los t\u00e9rminos de servicio de las plataformas digitales pueden especificar qu\u00e9 sucede con las cuentas y el contenido digital despu\u00e9s de la muerte del titular de la cuenta. Algunas plataformas ofrecen opciones para designar un \u00abcontacto de legado\u00bb o establecer instrucciones sobre qu\u00e9 hacer con la cuenta en caso de fallecimiento.<\/p>\n\n\n\n<div style=\"height:25px\" aria-hidden=\"true\" class=\"wp-block-spacer\"><\/div>\n\n\n\n<h3 class=\"wp-block-heading\"><strong>Impacto en la Privacidad y la Reputaci\u00f3n<\/strong><\/h3>\n\n\n\n<p>Una de las principales preocupaciones en torno al Derecho al olvido post mortem es el impacto en la privacidad y la reputaci\u00f3n de los difuntos y sus seres queridos. En un mundo donde la informaci\u00f3n personal puede ser f\u00e1cilmente accesible en l\u00ednea, existe el riesgo de que la informaci\u00f3n sensible y privada sea utilizada de manera indebida o perjudicial. Adem\u00e1s, la presencia continua de perfiles en redes sociales y otros servicios en l\u00ednea puede causar incomodidad emocional a los familiares y amigos del difunto, especialmente si estos perfiles siguen activos y son objeto de actividad no autorizada.<\/p>\n\n\n\n<div style=\"height:50px\" aria-hidden=\"true\" class=\"wp-block-spacer\"><\/div>\n\n\n\n<h2 class=\"wp-block-heading\"><strong>Pol\u00edticas y Tecnolog\u00edas para el Derecho al Olvido Post Mortem<\/strong><\/h2>\n\n\n\n<p>Para abordar estas preocupaciones, algunos defensores del Derecho al olvido post mortem abogan por la implementaci\u00f3n de pol\u00edticas y tecnolog\u00edas que permitan a los individuos controlar y gestionar sus datos personales incluso despu\u00e9s de su muerte. <\/p>\n\n\n\n<p>Esto podr\u00eda incluir la posibilidad de establecer instrucciones espec\u00edficas en testamentos digitales sobre c\u00f3mo se deben manejar los perfiles en l\u00ednea y otros datos digitales despu\u00e9s del fallecimiento. Adem\u00e1s, se podr\u00eda considerar la introducci\u00f3n de mecanismos legales que permitan a los familiares solicitar la eliminaci\u00f3n o el acceso restringido a los datos personales de un difunto en determinadas circunstancias.<\/p>\n\n\n\n<div style=\"height:26px\" aria-hidden=\"true\" class=\"wp-block-spacer\"><\/div>\n\n\n\n<h3 class=\"wp-block-heading\"><strong>Casos y Legislaci\u00f3n<\/strong><\/h3>\n\n\n\n<p>Sobre el Derecho al olvido post mortem ya se ha empezado a generar jurisprudencia en diferentes pa\u00edses, dando prueba de que esta es una preocupaci\u00f3n cada vez m\u00e1s latente. Algunos de los asuntos m\u00e1s destacados son los siguientes:<\/p>\n\n\n\n<ol class=\"wp-block-list\">\n<li><strong>Caso Google Spain SL, Google Inc. v Agencia Espa\u00f1ola de Protecci\u00f3n de Datos, Mario Costeja Gonz\u00e1lez (2014)<\/strong>: <a href=\"https:\/\/eur-lex.europa.eu\/legal-content\/ES\/TXT\/?uri=CELEX%3A62012CJ0131\">Este caso<\/a> sent\u00f3 un precedente importante en la <a href=\"https:\/\/www.repscan.com\/es\/blog\/derecho-al-olvido-dentro-y-fuera-de-la-ue\/?swcfpc=1\">Uni\u00f3n Europea<\/a> con respecto al derecho al olvido en l\u00ednea. Aunque no trata espec\u00edficamente sobre el derecho al olvido post mortem, sent\u00f3 las bases para la discusi\u00f3n sobre la privacidad en l\u00ednea y la gesti\u00f3n de la informaci\u00f3n personal.<\/li>\n\n\n\n<li><strong>Caso de Estados Unidos: Haeggquist &amp; Eck, LLP v. Facebook, Inc. (2017)<\/strong>: En este caso, los herederos de un usuario de Facebook fallecido demandaron a la compa\u00f1\u00eda para obtener acceso a la cuenta y los mensajes del usuario fallecido. Facebook inicialmente deneg\u00f3 el acceso, citando las leyes de privacidad y sus propias pol\u00edticas, pero finalmente llegaron a un acuerdo fuera del tribunal para proporcionar acceso limitado a la cuenta.<\/li>\n\n\n\n<li><strong>Legislaci\u00f3n en algunos estados de EE. UU.<\/strong>: Algunos estados han promulgado leyes espec\u00edficas sobre la gesti\u00f3n de cuentas en l\u00ednea despu\u00e9s de la muerte de un usuario. Por ejemplo, en California, la Ley de Acceso a la Cuenta Digital para Usuarios Fallecidos (AB-691) permite a los herederos solicitar acceso a cuentas en l\u00ednea de una persona fallecida, aunque con ciertas restricciones y requisitos.<\/li>\n<\/ol>\n\n\n\n<div style=\"height:26px\" aria-hidden=\"true\" class=\"wp-block-spacer\"><\/div>\n\n\n\n<h3 class=\"wp-block-heading\"><strong>Argumentos en Contra del Derecho al Olvido Post Mortem<\/strong><\/h3>\n\n\n\n<p>Sin embargo, tambi\u00e9n existen argumentos en contra de este derecho. Algunos sostienen que la preservaci\u00f3n de la memoria hist\u00f3rica y el acceso a la informaci\u00f3n son valores fundamentales que deben ser protegidos, incluso cuando se trata de datos personales. En este sentido, la eliminaci\u00f3n indiscriminada de datos digitales relacionados con los difuntos podr\u00eda tener consecuencias negativas para la sociedad en su conjunto, limitando la capacidad de investigadores, historiadores y genealogistas para acceder a informaci\u00f3n valiosa. <\/p>\n\n\n\n<p>Aunque cabe preguntarse si se puede ir contra la voluntad de alguien expresada en testamentos, es posible que en el futuro veamos m\u00e1s casos de personas que incluyan disposiciones relacionadas con la gesti\u00f3n de su presencia en l\u00ednea en sus testamentos.<\/p>\n\n\n\n<div style=\"height:26px\" aria-hidden=\"true\" class=\"wp-block-spacer\"><\/div>\n\n\n\n<h3 class=\"wp-block-heading\"><strong>Futuro del Derecho al Olvido Post Mortem<\/strong><\/h3>\n\n\n\n<p>Con el aumento de la conciencia sobre la privacidad en l\u00ednea y la importancia de proteger la reputaci\u00f3n digital incluso despu\u00e9s de la muerte, es concebible que algunas personas deseen dejar instrucciones claras sobre c\u00f3mo desean que se manejen sus perfiles en redes sociales, cuentas de correo electr\u00f3nico y otros datos personales en l\u00ednea despu\u00e9s de su fallecimiento.<\/p>\n\n\n\n<p>Adem\u00e1s, la implementaci\u00f3n de pol\u00edticas de Derecho al olvido post mortem plantea una serie de desaf\u00edos t\u00e9cnicos y pr\u00e1cticos. Por ejemplo, \u00bfc\u00f3mo se puede garantizar que los datos personales se eliminen de manera efectiva y permanente de todos los sistemas y servidores en l\u00ednea? \u00bfQui\u00e9n deber\u00eda ser responsable de llevar a cabo este proceso y qu\u00e9 recursos ser\u00edan necesarios para hacerlo de manera efectiva?<\/p>\n\n\n\n<div style=\"height:50px\" aria-hidden=\"true\" class=\"wp-block-spacer\"><\/div>\n\n\n\n<h2 class=\"wp-block-heading\"><strong>Conclusi\u00f3n<\/strong><\/h2>\n\n\n\n<p>A pesar de estos desaf\u00edos, muchos argumentan que el Derecho al olvido post mortem es fundamental para garantizar el respeto a la privacidad y la dignidad de los difuntos y sus familias en la era digital. Al proporcionar a los individuos un mayor control sobre sus datos personales incluso despu\u00e9s de su muerte, se puede promover un mayor sentido de autonom\u00eda y empoderamiento digital.<\/p>\n\n\n\n<p>En conclusi\u00f3n, el Derecho al olvido post mortem plantea una serie de cuestiones complejas que requieren una cuidadosa consideraci\u00f3n por parte de legisladores, tecn\u00f3logos y la sociedad en su conjunto. Si bien es importante preservar la memoria hist\u00f3rica y el acceso a la informaci\u00f3n, tambi\u00e9n es crucial proteger la privacidad y la dignidad de los difuntos y sus seres queridos. Al encontrar un equilibrio adecuado entre estos valores, podemos avanzar hacia un futuro digital m\u00e1s justo y respetuoso con los derechos humanos.<\/p>\n\n\n\n<div style=\"height:50px\" aria-hidden=\"true\" class=\"wp-block-spacer\"><\/div>\n\n\n\t\t<div data-elementor-type=\"section\" data-elementor-id=\"3317\" class=\"elementor elementor-3317\" data-elementor-post-type=\"elementor_library\">\n\t\t\t\t\t<section data-particle_enable=\"false\" data-particle-mobile-disabled=\"false\" class=\"elementor-section elementor-top-section elementor-element elementor-element-c26d2b3 elementor-section-full_width elementor-hidden-tablet elementor-hidden-mobile elementor-section-height-default elementor-section-height-default\" data-id=\"c26d2b3\" data-element_type=\"section\" data-e-type=\"section\">\n\t\t\t\t\t\t<div class=\"elementor-container elementor-column-gap-default\">\n\t\t\t\t\t<div class=\"elementor-column elementor-col-100 elementor-top-column elementor-element elementor-element-bc9a6b8\" data-id=\"bc9a6b8\" data-element_type=\"column\" data-e-type=\"column\">\n\t\t\t<div class=\"elementor-widget-wrap elementor-element-populated\">\n\t\t\t\t\t\t<div class=\"elementor-element elementor-element-635edc3 elementor-widget elementor-widget-spacer\" data-id=\"635edc3\" data-element_type=\"widget\" data-e-type=\"widget\" data-widget_type=\"spacer.default\">\n\t\t\t\t<div class=\"elementor-widget-container\">\n\t\t\t\t\t\t\t<div class=\"elementor-spacer\">\n\t\t\t<div class=\"elementor-spacer-inner\"><\/div>\n\t\t<\/div>\n\t\t\t\t\t\t<\/div>\n\t\t\t\t<\/div>\n\t\t\t\t<div class=\"elementor-element elementor-element-b75782d elementor-widget elementor-widget-heading\" data-id=\"b75782d\" data-element_type=\"widget\" data-e-type=\"widget\" data-widget_type=\"heading.default\">\n\t\t\t\t<div class=\"elementor-widget-container\">\n\t\t\t\t\t<div class=\"elementor-heading-title elementor-size-small\">\u00bfTienes contenido negativo afectando tu reputaci\u00f3n online?<\/div>\t\t\t\t<\/div>\n\t\t\t\t<\/div>\n\t\t\t\t<div class=\"elementor-element elementor-element-5dc9cd1 elementor-widget elementor-widget-text-editor\" data-id=\"5dc9cd1\" data-element_type=\"widget\" data-e-type=\"widget\" data-widget_type=\"text-editor.default\">\n\t\t\t\t<div class=\"elementor-widget-container\">\n\t\t\t\t\t\t\t\t\t<p style=\"text-align: left;\" data-start=\"203\" data-end=\"319\">Fotos, v\u00eddeos, rese\u00f1as negativas o noticias falsas pueden da\u00f1ar tu imagen. <strong>Te ayudamos a eliminarlos o desindexarlos.<\/strong> <strong data-start=\"271\" data-end=\"317\">D\u00e9janos tus datos y te contactamos.<\/strong><\/p>\t\t\t\t\t\t\t\t<\/div>\n\t\t\t\t<\/div>\n\t\t\t\t<div class=\"elementor-element elementor-element-8efc46c elementor-widget__width-initial elementor-widget elementor-widget-html\" data-id=\"8efc46c\" data-element_type=\"widget\" data-e-type=\"widget\" data-widget_type=\"html.default\">\n\t\t\t\t<div class=\"elementor-widget-container\">\n\t\t\t\t\t<iframe aria-label='ESP_ZOHO_FORM_BLOG' frameborder=\"0\" style=\"height:1100px;width:99%;border:none;\" src='https:\/\/forms.zohopublic.eu\/repscan\/form\/ESPZOHOFORMBLOG\/formperma\/fNklprMD581Qphnz_99HoDaem83UEE5xWdMM0Kk9Hmk'><\/iframe>\t\t\t\t<\/div>\n\t\t\t\t<\/div>\n\t\t\t\t\t<\/div>\n\t\t<\/div>\n\t\t\t\t\t<\/div>\n\t\t<\/section>\n\t\t\t\t<section data-particle_enable=\"false\" data-particle-mobile-disabled=\"false\" class=\"elementor-section elementor-top-section elementor-element elementor-element-779c95e elementor-section-full_width elementor-hidden-desktop elementor-section-height-default elementor-section-height-default\" data-id=\"779c95e\" data-element_type=\"section\" data-e-type=\"section\">\n\t\t\t\t\t\t<div class=\"elementor-container elementor-column-gap-default\">\n\t\t\t\t\t<div class=\"elementor-column elementor-col-100 elementor-top-column elementor-element elementor-element-346e4c9\" data-id=\"346e4c9\" data-element_type=\"column\" data-e-type=\"column\">\n\t\t\t<div class=\"elementor-widget-wrap elementor-element-populated\">\n\t\t\t\t\t\t<div class=\"elementor-element elementor-element-f38e866 elementor-widget elementor-widget-heading\" data-id=\"f38e866\" data-element_type=\"widget\" data-e-type=\"widget\" data-widget_type=\"heading.default\">\n\t\t\t\t<div class=\"elementor-widget-container\">\n\t\t\t\t\t<div class=\"elementor-heading-title elementor-size-small\">\u00bfTienes contenido negativo afectando tu reputaci\u00f3n online?<\/div>\t\t\t\t<\/div>\n\t\t\t\t<\/div>\n\t\t\t\t<div class=\"elementor-element elementor-element-2dc1214 elementor-widget-divider--view-line elementor-widget elementor-widget-divider\" data-id=\"2dc1214\" data-element_type=\"widget\" data-e-type=\"widget\" data-widget_type=\"divider.default\">\n\t\t\t\t<div class=\"elementor-widget-container\">\n\t\t\t\t\t\t\t<div class=\"elementor-divider\">\n\t\t\t<span class=\"elementor-divider-separator\">\n\t\t\t\t\t\t<\/span>\n\t\t<\/div>\n\t\t\t\t\t\t<\/div>\n\t\t\t\t<\/div>\n\t\t\t\t<div class=\"elementor-element elementor-element-03d0b84 elementor-widget elementor-widget-text-editor\" data-id=\"03d0b84\" data-element_type=\"widget\" data-e-type=\"widget\" data-widget_type=\"text-editor.default\">\n\t\t\t\t<div class=\"elementor-widget-container\">\n\t\t\t\t\t\t\t\t\t<p style=\"text-align: left;\" data-start=\"203\" data-end=\"319\">Fotos, v\u00eddeos, rese\u00f1as negativas o noticias falsas pueden da\u00f1ar tu imagen. <strong>Te ayudamos a eliminarlos o desindexarlos.<\/strong> <strong data-start=\"271\" data-end=\"317\">D\u00e9janos tus datos y te contactamos.<\/strong><\/p>\t\t\t\t\t\t\t\t<\/div>\n\t\t\t\t<\/div>\n\t\t\t\t<div class=\"elementor-element elementor-element-9c80e7b elementor-widget__width-initial elementor-widget elementor-widget-html\" data-id=\"9c80e7b\" data-element_type=\"widget\" data-e-type=\"widget\" data-widget_type=\"html.default\">\n\t\t\t\t<div class=\"elementor-widget-container\">\n\t\t\t\t\t<iframe aria-label='ESP_ZOHO_FORM_BLOG' frameborder=\"0\" style=\"height:1205px;width:99%;border:none;\" src='https:\/\/forms.zohopublic.eu\/repscan\/form\/ESPZOHOFORMBLOG\/formperma\/fNklprMD581Qphnz_99HoDaem83UEE5xWdMM0Kk9Hmk'><\/iframe>\t\t\t\t<\/div>\n\t\t\t\t<\/div>\n\t\t\t\t\t<\/div>\n\t\t<\/div>\n\t\t\t\t\t<\/div>\n\t\t<\/section>\n\t\t\t\t<\/div>\n\t\t\n","protected":false},"excerpt":{"rendered":"","protected":false},"author":23,"featured_media":31008,"comment_status":"closed","ping_status":"closed","sticky":false,"template":"","format":"standard","meta":{"_mbp_gutenberg_autopost":false,"footnotes":""},"categories":[70],"tags":[134,127,128,131],"class_list":["post-16829","post","type-post","status-publish","format-standard","has-post-thumbnail","hentry","category-legal","tag-articulos","tag-honor","tag-privacidad","tag-seguridad","infinite-scroll-item"],"yoast_head":"<!-- This site is optimized with the Yoast SEO plugin v27.5 - https:\/\/yoast.com\/product\/yoast-seo-wordpress\/ -->\n<title>Derecho al olvido post mortem | Repscan<\/title>\n<meta name=\"description\" content=\"Analizando el como funciona el derecho al olvido post mortem para proteger su privacidad y dignidad en la era digital\" \/>\n<meta name=\"robots\" content=\"index, follow, max-snippet:-1, max-image-preview:large, max-video-preview:-1\" \/>\n<link rel=\"canonical\" href=\"https:\/\/www.repscan.com\/es\/blog\/derecho-al-olvido-post-mortem\/\" \/>\n<meta property=\"og:locale\" content=\"es_ES\" \/>\n<meta property=\"og:type\" content=\"article\" \/>\n<meta property=\"og:title\" content=\"Derecho al olvido post mortem | Repscan\" \/>\n<meta property=\"og:description\" content=\"Analizando el como funciona el derecho al olvido post mortem para proteger su privacidad y dignidad en la era digital\" \/>\n<meta property=\"og:url\" content=\"https:\/\/www.repscan.com\/es\/blog\/derecho-al-olvido-post-mortem\/\" \/>\n<meta property=\"og:site_name\" content=\"RepScan\" \/>\n<meta property=\"article:published_time\" content=\"2024-05-24T11:21:52+00:00\" \/>\n<meta property=\"article:modified_time\" content=\"2025-04-03T08:29:28+00:00\" \/>\n<meta property=\"og:image\" content=\"https:\/\/www.repscan.com\/wp-content\/uploads\/2024\/05\/pexels-elijahsad-3473517-scaled-e1743668962761.jpg\" \/>\n\t<meta property=\"og:image:width\" content=\"1707\" \/>\n\t<meta property=\"og:image:height\" content=\"960\" \/>\n\t<meta property=\"og:image:type\" content=\"image\/jpeg\" \/>\n<meta name=\"author\" content=\"Santiago Cascardo\" \/>\n<meta name=\"twitter:card\" content=\"summary_large_image\" \/>\n<meta name=\"twitter:label1\" content=\"Escrito por\" \/>\n\t<meta name=\"twitter:data1\" content=\"Santiago Cascardo\" \/>\n\t<meta name=\"twitter:label2\" content=\"Tiempo de lectura\" \/>\n\t<meta name=\"twitter:data2\" content=\"6 minutos\" \/>\n<script type=\"application\/ld+json\" class=\"yoast-schema-graph\">{\"@context\":\"https:\\\/\\\/schema.org\",\"@graph\":[{\"@type\":\"Article\",\"@id\":\"https:\\\/\\\/www.repscan.com\\\/es\\\/blog\\\/derecho-al-olvido-post-mortem\\\/#article\",\"isPartOf\":{\"@id\":\"https:\\\/\\\/www.repscan.com\\\/es\\\/blog\\\/derecho-al-olvido-post-mortem\\\/\"},\"author\":{\"name\":\"Santiago Cascardo\",\"@id\":\"https:\\\/\\\/www.repscan.com\\\/es\\\/#\\\/schema\\\/person\\\/903b8888b9b0d545c538b9a81859321f\"},\"headline\":\"El Derecho al Olvido Post Mortem\",\"datePublished\":\"2024-05-24T11:21:52+00:00\",\"dateModified\":\"2025-04-03T08:29:28+00:00\",\"mainEntityOfPage\":{\"@id\":\"https:\\\/\\\/www.repscan.com\\\/es\\\/blog\\\/derecho-al-olvido-post-mortem\\\/\"},\"wordCount\":1353,\"publisher\":{\"@id\":\"https:\\\/\\\/www.repscan.com\\\/es\\\/#organization\"},\"image\":{\"@id\":\"https:\\\/\\\/www.repscan.com\\\/es\\\/blog\\\/derecho-al-olvido-post-mortem\\\/#primaryimage\"},\"thumbnailUrl\":\"https:\\\/\\\/www.repscan.com\\\/wp-content\\\/uploads\\\/2024\\\/05\\\/pexels-elijahsad-3473517-scaled-e1743668962761.jpg\",\"keywords\":[\"Art\u00edculos\",\"Honor\",\"Privacidad\",\"Seguridad\"],\"articleSection\":[\"Legal\"],\"inLanguage\":\"es\"},{\"@type\":\"WebPage\",\"@id\":\"https:\\\/\\\/www.repscan.com\\\/es\\\/blog\\\/derecho-al-olvido-post-mortem\\\/\",\"url\":\"https:\\\/\\\/www.repscan.com\\\/es\\\/blog\\\/derecho-al-olvido-post-mortem\\\/\",\"name\":\"Derecho al olvido post mortem | Repscan\",\"isPartOf\":{\"@id\":\"https:\\\/\\\/www.repscan.com\\\/es\\\/#website\"},\"primaryImageOfPage\":{\"@id\":\"https:\\\/\\\/www.repscan.com\\\/es\\\/blog\\\/derecho-al-olvido-post-mortem\\\/#primaryimage\"},\"image\":{\"@id\":\"https:\\\/\\\/www.repscan.com\\\/es\\\/blog\\\/derecho-al-olvido-post-mortem\\\/#primaryimage\"},\"thumbnailUrl\":\"https:\\\/\\\/www.repscan.com\\\/wp-content\\\/uploads\\\/2024\\\/05\\\/pexels-elijahsad-3473517-scaled-e1743668962761.jpg\",\"datePublished\":\"2024-05-24T11:21:52+00:00\",\"dateModified\":\"2025-04-03T08:29:28+00:00\",\"description\":\"Analizando el como funciona el derecho al olvido post mortem para proteger su privacidad y dignidad en la era digital\",\"breadcrumb\":{\"@id\":\"https:\\\/\\\/www.repscan.com\\\/es\\\/blog\\\/derecho-al-olvido-post-mortem\\\/#breadcrumb\"},\"inLanguage\":\"es\",\"potentialAction\":[{\"@type\":\"ReadAction\",\"target\":[\"https:\\\/\\\/www.repscan.com\\\/es\\\/blog\\\/derecho-al-olvido-post-mortem\\\/\"]}]},{\"@type\":\"ImageObject\",\"inLanguage\":\"es\",\"@id\":\"https:\\\/\\\/www.repscan.com\\\/es\\\/blog\\\/derecho-al-olvido-post-mortem\\\/#primaryimage\",\"url\":\"https:\\\/\\\/www.repscan.com\\\/wp-content\\\/uploads\\\/2024\\\/05\\\/pexels-elijahsad-3473517-scaled-e1743668962761.jpg\",\"contentUrl\":\"https:\\\/\\\/www.repscan.com\\\/wp-content\\\/uploads\\\/2024\\\/05\\\/pexels-elijahsad-3473517-scaled-e1743668962761.jpg\",\"width\":1707,\"height\":960,\"caption\":\"Imagen conceptual de una persona acostada en el suelo, transmitiendo una sensaci\u00f3n de olvido, ausencia o desconexi\u00f3n, asociada al derecho al olvido digital tras el fallecimiento.\"},{\"@type\":\"BreadcrumbList\",\"@id\":\"https:\\\/\\\/www.repscan.com\\\/es\\\/blog\\\/derecho-al-olvido-post-mortem\\\/#breadcrumb\",\"itemListElement\":[{\"@type\":\"ListItem\",\"position\":1,\"name\":\"Home\",\"item\":\"https:\\\/\\\/www.repscan.com\\\/es\\\/\"},{\"@type\":\"ListItem\",\"position\":2,\"name\":\"El Derecho al Olvido Post Mortem\"}]},{\"@type\":\"WebSite\",\"@id\":\"https:\\\/\\\/www.repscan.com\\\/es\\\/#website\",\"url\":\"https:\\\/\\\/www.repscan.com\\\/es\\\/\",\"name\":\"RepScan\",\"description\":\"Plataforma de Reputaci\u00f3n Digital\",\"publisher\":{\"@id\":\"https:\\\/\\\/www.repscan.com\\\/es\\\/#organization\"},\"potentialAction\":[{\"@type\":\"SearchAction\",\"target\":{\"@type\":\"EntryPoint\",\"urlTemplate\":\"https:\\\/\\\/www.repscan.com\\\/es\\\/?s={search_term_string}\"},\"query-input\":{\"@type\":\"PropertyValueSpecification\",\"valueRequired\":true,\"valueName\":\"search_term_string\"}}],\"inLanguage\":\"es\"},{\"@type\":\"Organization\",\"@id\":\"https:\\\/\\\/www.repscan.com\\\/es\\\/#organization\",\"name\":\"RepScan\",\"url\":\"https:\\\/\\\/www.repscan.com\\\/es\\\/\",\"logo\":{\"@type\":\"ImageObject\",\"inLanguage\":\"es\",\"@id\":\"https:\\\/\\\/www.repscan.com\\\/es\\\/#\\\/schema\\\/logo\\\/image\\\/\",\"url\":\"https:\\\/\\\/www.repscan.com\\\/wp-content\\\/uploads\\\/2020\\\/07\\\/repscan_header_HQ.png\",\"contentUrl\":\"https:\\\/\\\/www.repscan.com\\\/wp-content\\\/uploads\\\/2020\\\/07\\\/repscan_header_HQ.png\",\"width\":550,\"height\":130,\"caption\":\"RepScan\"},\"image\":{\"@id\":\"https:\\\/\\\/www.repscan.com\\\/es\\\/#\\\/schema\\\/logo\\\/image\\\/\"}},{\"@type\":\"Person\",\"@id\":\"https:\\\/\\\/www.repscan.com\\\/es\\\/#\\\/schema\\\/person\\\/903b8888b9b0d545c538b9a81859321f\",\"name\":\"Santiago Cascardo\",\"image\":{\"@type\":\"ImageObject\",\"inLanguage\":\"es\",\"@id\":\"https:\\\/\\\/secure.gravatar.com\\\/avatar\\\/3096409bb59fc3f92e5113709d150e71bf84e49b049fc78f4a8ca85b83a45db8?s=96&d=mm&r=g\",\"url\":\"https:\\\/\\\/secure.gravatar.com\\\/avatar\\\/3096409bb59fc3f92e5113709d150e71bf84e49b049fc78f4a8ca85b83a45db8?s=96&d=mm&r=g\",\"contentUrl\":\"https:\\\/\\\/secure.gravatar.com\\\/avatar\\\/3096409bb59fc3f92e5113709d150e71bf84e49b049fc78f4a8ca85b83a45db8?s=96&d=mm&r=g\",\"caption\":\"Santiago Cascardo\"},\"url\":\"https:\\\/\\\/www.repscan.com\\\/es\\\/blog\\\/author\\\/santi\\\/\"}]}<\/script>\n<!-- \/ Yoast SEO plugin. -->","yoast_head_json":{"title":"Derecho al olvido post mortem | Repscan","description":"Analizando el como funciona el derecho al olvido post mortem para proteger su privacidad y dignidad en la era digital","robots":{"index":"index","follow":"follow","max-snippet":"max-snippet:-1","max-image-preview":"max-image-preview:large","max-video-preview":"max-video-preview:-1"},"canonical":"https:\/\/www.repscan.com\/es\/blog\/derecho-al-olvido-post-mortem\/","og_locale":"es_ES","og_type":"article","og_title":"Derecho al olvido post mortem | Repscan","og_description":"Analizando el como funciona el derecho al olvido post mortem para proteger su privacidad y dignidad en la era digital","og_url":"https:\/\/www.repscan.com\/es\/blog\/derecho-al-olvido-post-mortem\/","og_site_name":"RepScan","article_published_time":"2024-05-24T11:21:52+00:00","article_modified_time":"2025-04-03T08:29:28+00:00","og_image":[{"width":1707,"height":960,"url":"https:\/\/www.repscan.com\/wp-content\/uploads\/2024\/05\/pexels-elijahsad-3473517-scaled-e1743668962761.jpg","type":"image\/jpeg"}],"author":"Santiago Cascardo","twitter_card":"summary_large_image","twitter_misc":{"Escrito por":"Santiago Cascardo","Tiempo de lectura":"6 minutos"},"schema":{"@context":"https:\/\/schema.org","@graph":[{"@type":"Article","@id":"https:\/\/www.repscan.com\/es\/blog\/derecho-al-olvido-post-mortem\/#article","isPartOf":{"@id":"https:\/\/www.repscan.com\/es\/blog\/derecho-al-olvido-post-mortem\/"},"author":{"name":"Santiago Cascardo","@id":"https:\/\/www.repscan.com\/es\/#\/schema\/person\/903b8888b9b0d545c538b9a81859321f"},"headline":"El Derecho al Olvido Post Mortem","datePublished":"2024-05-24T11:21:52+00:00","dateModified":"2025-04-03T08:29:28+00:00","mainEntityOfPage":{"@id":"https:\/\/www.repscan.com\/es\/blog\/derecho-al-olvido-post-mortem\/"},"wordCount":1353,"publisher":{"@id":"https:\/\/www.repscan.com\/es\/#organization"},"image":{"@id":"https:\/\/www.repscan.com\/es\/blog\/derecho-al-olvido-post-mortem\/#primaryimage"},"thumbnailUrl":"https:\/\/www.repscan.com\/wp-content\/uploads\/2024\/05\/pexels-elijahsad-3473517-scaled-e1743668962761.jpg","keywords":["Art\u00edculos","Honor","Privacidad","Seguridad"],"articleSection":["Legal"],"inLanguage":"es"},{"@type":"WebPage","@id":"https:\/\/www.repscan.com\/es\/blog\/derecho-al-olvido-post-mortem\/","url":"https:\/\/www.repscan.com\/es\/blog\/derecho-al-olvido-post-mortem\/","name":"Derecho al olvido post mortem | Repscan","isPartOf":{"@id":"https:\/\/www.repscan.com\/es\/#website"},"primaryImageOfPage":{"@id":"https:\/\/www.repscan.com\/es\/blog\/derecho-al-olvido-post-mortem\/#primaryimage"},"image":{"@id":"https:\/\/www.repscan.com\/es\/blog\/derecho-al-olvido-post-mortem\/#primaryimage"},"thumbnailUrl":"https:\/\/www.repscan.com\/wp-content\/uploads\/2024\/05\/pexels-elijahsad-3473517-scaled-e1743668962761.jpg","datePublished":"2024-05-24T11:21:52+00:00","dateModified":"2025-04-03T08:29:28+00:00","description":"Analizando el como funciona el derecho al olvido post mortem para proteger su privacidad y dignidad en la era digital","breadcrumb":{"@id":"https:\/\/www.repscan.com\/es\/blog\/derecho-al-olvido-post-mortem\/#breadcrumb"},"inLanguage":"es","potentialAction":[{"@type":"ReadAction","target":["https:\/\/www.repscan.com\/es\/blog\/derecho-al-olvido-post-mortem\/"]}]},{"@type":"ImageObject","inLanguage":"es","@id":"https:\/\/www.repscan.com\/es\/blog\/derecho-al-olvido-post-mortem\/#primaryimage","url":"https:\/\/www.repscan.com\/wp-content\/uploads\/2024\/05\/pexels-elijahsad-3473517-scaled-e1743668962761.jpg","contentUrl":"https:\/\/www.repscan.com\/wp-content\/uploads\/2024\/05\/pexels-elijahsad-3473517-scaled-e1743668962761.jpg","width":1707,"height":960,"caption":"Imagen conceptual de una persona acostada en el suelo, transmitiendo una sensaci\u00f3n de olvido, ausencia o desconexi\u00f3n, asociada al derecho al olvido digital tras el fallecimiento."},{"@type":"BreadcrumbList","@id":"https:\/\/www.repscan.com\/es\/blog\/derecho-al-olvido-post-mortem\/#breadcrumb","itemListElement":[{"@type":"ListItem","position":1,"name":"Home","item":"https:\/\/www.repscan.com\/es\/"},{"@type":"ListItem","position":2,"name":"El Derecho al Olvido Post Mortem"}]},{"@type":"WebSite","@id":"https:\/\/www.repscan.com\/es\/#website","url":"https:\/\/www.repscan.com\/es\/","name":"RepScan","description":"Plataforma de Reputaci\u00f3n Digital","publisher":{"@id":"https:\/\/www.repscan.com\/es\/#organization"},"potentialAction":[{"@type":"SearchAction","target":{"@type":"EntryPoint","urlTemplate":"https:\/\/www.repscan.com\/es\/?s={search_term_string}"},"query-input":{"@type":"PropertyValueSpecification","valueRequired":true,"valueName":"search_term_string"}}],"inLanguage":"es"},{"@type":"Organization","@id":"https:\/\/www.repscan.com\/es\/#organization","name":"RepScan","url":"https:\/\/www.repscan.com\/es\/","logo":{"@type":"ImageObject","inLanguage":"es","@id":"https:\/\/www.repscan.com\/es\/#\/schema\/logo\/image\/","url":"https:\/\/www.repscan.com\/wp-content\/uploads\/2020\/07\/repscan_header_HQ.png","contentUrl":"https:\/\/www.repscan.com\/wp-content\/uploads\/2020\/07\/repscan_header_HQ.png","width":550,"height":130,"caption":"RepScan"},"image":{"@id":"https:\/\/www.repscan.com\/es\/#\/schema\/logo\/image\/"}},{"@type":"Person","@id":"https:\/\/www.repscan.com\/es\/#\/schema\/person\/903b8888b9b0d545c538b9a81859321f","name":"Santiago Cascardo","image":{"@type":"ImageObject","inLanguage":"es","@id":"https:\/\/secure.gravatar.com\/avatar\/3096409bb59fc3f92e5113709d150e71bf84e49b049fc78f4a8ca85b83a45db8?s=96&d=mm&r=g","url":"https:\/\/secure.gravatar.com\/avatar\/3096409bb59fc3f92e5113709d150e71bf84e49b049fc78f4a8ca85b83a45db8?s=96&d=mm&r=g","contentUrl":"https:\/\/secure.gravatar.com\/avatar\/3096409bb59fc3f92e5113709d150e71bf84e49b049fc78f4a8ca85b83a45db8?s=96&d=mm&r=g","caption":"Santiago Cascardo"},"url":"https:\/\/www.repscan.com\/es\/blog\/author\/santi\/"}]}},"_links":{"self":[{"href":"https:\/\/www.repscan.com\/es\/wp-json\/wp\/v2\/posts\/16829","targetHints":{"allow":["GET"]}}],"collection":[{"href":"https:\/\/www.repscan.com\/es\/wp-json\/wp\/v2\/posts"}],"about":[{"href":"https:\/\/www.repscan.com\/es\/wp-json\/wp\/v2\/types\/post"}],"author":[{"embeddable":true,"href":"https:\/\/www.repscan.com\/es\/wp-json\/wp\/v2\/users\/23"}],"replies":[{"embeddable":true,"href":"https:\/\/www.repscan.com\/es\/wp-json\/wp\/v2\/comments?post=16829"}],"version-history":[{"count":0,"href":"https:\/\/www.repscan.com\/es\/wp-json\/wp\/v2\/posts\/16829\/revisions"}],"wp:featuredmedia":[{"embeddable":true,"href":"https:\/\/www.repscan.com\/es\/wp-json\/wp\/v2\/media\/31008"}],"wp:attachment":[{"href":"https:\/\/www.repscan.com\/es\/wp-json\/wp\/v2\/media?parent=16829"}],"wp:term":[{"taxonomy":"category","embeddable":true,"href":"https:\/\/www.repscan.com\/es\/wp-json\/wp\/v2\/categories?post=16829"},{"taxonomy":"post_tag","embeddable":true,"href":"https:\/\/www.repscan.com\/es\/wp-json\/wp\/v2\/tags?post=16829"}],"curies":[{"name":"wp","href":"https:\/\/api.w.org\/{rel}","templated":true}]}}